{"id":1483,"date":"2014-08-11T15:57:46","date_gmt":"2014-08-11T15:57:46","guid":{"rendered":"urn:uuid:250d0680-bcee-4257-aa15-ab5d4f748d64"},"modified":"2026-01-09T20:58:52","modified_gmt":"2026-01-09T20:58:52","slug":"creare-gestire-percorso-formativo","status":"publish","type":"post","link":"https:\/\/www.docebo.com\/it\/learning-network\/blog\/creare-gestire-percorso-formativo\/","title":{"rendered":"Creare e gestire un percorso formativo"},"content":{"rendered":"<div class=\"wp-block-group alignfull template template-with-background template-single-post has-case-study-pink-on-light-gradient-background has-background is-layout-flow wp-block-group-is-layout-flow\"><header class=\"wp-block-group section section--hero-internal hero-internal is-layout-constrained wp-block-group-is-layout-constrained\"><h1 style=\"margin-top:var(--wp--preset--spacing--40);margin-bottom:var(--wp--preset--spacing--40);\" class=\"has-text-align-center wp-block-post-title has-display-font-size\">Creare e gestire un percorso formativo<\/h1>\n<div class=\"wp-block-group alignwide is-layout-constrained wp-block-group-is-layout-constrained\">\n<div class=\"wp-block-group post-author-meta-inner has-border-color has-white-background-color has-background is-content-justification-center is-nowrap is-layout-flex wp-container-core-group-is-layout-42afb0bf wp-block-group-is-layout-flex\" style=\"border-color:#e1dbd2;border-width:1px;border-top-left-radius:var(--wp--preset--border-radius--md);border-top-right-radius:var(--wp--preset--border-radius--md);border-bottom-left-radius:var(--wp--preset--border-radius--md);border-bottom-right-radius:var(--wp--preset--border-radius--md);margin-right:auto;margin-left:auto;padding-top:var(--wp--preset--spacing--40);padding-right:var(--wp--preset--spacing--50);padding-bottom:var(--wp--preset--spacing--40);padding-left:var(--wp--preset--spacing--50)\"><div class=\"wp-block-post-author-name\">Maria Rosales Gerpe<\/div>\n\n\n<hr class=\"wp-block-separator has-alpha-channel-opacity is-style-default wp-container-content-c1d130ea\"\/>\n\n\n\n<p class=\"wp-block-paragraph\" style=\"margin-right:0\">Ultimo aggiornamento<\/p>\n\n\n<div class=\"wp-block-post-date__modified-date wp-block-post-date\"><time datetime=\"2026-01-09T20:58:52+00:00\">Gennaio 9, 2026<\/time><\/div>\n\n\n<hr class=\"wp-block-separator has-alpha-channel-opacity is-style-default wp-container-content-c1d130ea\"\/>\n\n\n<div class=\"wp-block-post-time-to-read\">1\u20132 minuti<\/div><\/div>\n<\/div>\n<\/header><div class=\"wp-block-group section section-post-content is-layout-constrained wp-block-group-is-layout-constrained\"><article class=\"wp-block-group is-nowrap is-layout-flex wp-container-core-group-is-layout-67eca248 wp-block-group-is-layout-flex\"><aside class=\"wp-block-group toc-sidebar-sticky toc-sidebar-group wp-container-content-2f62e668 is-layout-constrained wp-container-core-group-is-layout-a283ad8c wp-block-group-is-layout-constrained\" style=\"padding-top:0;padding-bottom:0\">\n<h2 class=\"wp-block-heading has-medium-font-size\" id=\"in-this-story\">Indice<\/h2>\n\n<div class=\"wp-block-buttons is-layout-flex wp-block-buttons-is-layout-flex\">\n<div class=\"wp-block-button is-style-primary\"><a class=\"wp-block-button__link wp-element-button\" href=\"https:\/\/www.docebo.com\/it\/esplora-la-piattaforma\/\">Esplora la piattaforma<\/a><\/div>\n<\/div>\n<\/aside><div class=\"wp-block-group main-content wp-container-content-9cfa9a5a is-layout-constrained wp-block-group-is-layout-constrained\"><p class=\"wp-block-paragraph\"><b><img loading=\"lazy\" decoding=\"async\" class=\"alignleft size-medium wp-image-16605\" src=\"https:\/\/www.docebo.com\/tachyon\/2014\/08\/Vale2.jpg?resize=300%2C225&#038;crop_strategy=smart\" alt=\"Curriculum design\" width=\"300\" height=\"225\" data-recalc-dims=\"1\">Progettare un percorso formativo aziendale<\/b><\/p><p class=\"wp-block-paragraph\">Grazie alla vasta adozione del concetto di \u201cUniversit\u00e0 aziendale\u201d, termini usati comunemente in ambiente scolastico come \u201cpercorso formativo\u201d sono ora utilizzati dagli esperti di Risorse Umane e dai trainer aziendali.<\/p><p class=\"wp-block-paragraph\">Dovrebbe essere ovvio il motivo per cui una progettazione accurata del percorso formativo dei propri dipendenti \u00e8 fondamentale per il successo nel mercato moderno; questo elemento unito ad una buona strategia formativa che guidi i dipendenti nel processo di sviluppo sono elementi fondamentali per il successo del programma.<!--more--><\/p><p class=\"wp-block-paragraph\">Quando si analizza la enorme quantit\u00e0 di informazioni disponibili sulla progettazione dei percorsi formativi, \u00e8 facile comprendere che non si tratta solamente di un insieme di corsi: \u00e8 pi\u00f9 della somma delle sue parti, esattamente come un corso di laurea non \u00e8 fatto solo dalla somma degli esami. Quando uno studente completa un percorso formativo aziendale lui o lei hanno completato diversi obiettivi formativi e ottenuto un nuovo status professionale (che aprir\u00e0 nuove opportunit\u00e0 lavorative all\u2019interno dell\u2019azienda).<\/p><p class=\"wp-block-paragraph\">Un percorso all\u2019interno di un\u2019azienda \u00e8 un viaggio che automaticamente migliora le performance di un dipendente per il suo ruolo o lo prepara per un nuovo ruolo.<\/p><p class=\"wp-block-paragraph\">Negli ultimi 10 anni ho visto una enorme crescita del mercato di strumenti web rivolti alle istituzioni e alle aziende per la gestione dei percorsi formativi. Infatti \u00e8 ormai riconosciuto che questa attivit\u00e0 richiede molto lavoro (in termini di pianificazione, creazione ed esecuzione), e che tecnologie come gli strumenti web facilitano il lavoro dei trainer e dei responsabili della formazione.<\/p><p class=\"wp-block-paragraph\">Le piattaforme e-learning oggi sono lo strumento migliore non solo per progettare un percorso formativo, ma anche per gestirlo. Le piattaforme sono agnostiche rispetto al contenuto di un percorso formativo e quindi un\u2019azienda pu\u00f2 utilizzarle per qualsiasi tipo di percorso. Le piattaforme per la <a title=\"Docebo e-learning\" href=\"https:\/\/www.docebo.com\/it\/?BLOGDOCEBO\" target=\"_blank\">formazione a distanza<\/a> (FAD) non sono progettate per un tipo specifico di percorso formativo.<\/p><p class=\"wp-block-paragraph\"><b>Progettare un percorso formativo<\/b><\/p><p class=\"wp-block-paragraph\">Un percorso formativo \u00e8 strutturato attraverso una serie di attivit\u00e0 formative che uno studente deve completare per ottenere un certificato o una qualifica.<\/p><p class=\"wp-block-paragraph\">Un\u2019attivit\u00e0 formativa pu\u00f2 consistere in un corso online, una lezione in aula, un\u2019attivit\u00e0 di gruppo, una sessione di valutazione, una video conferenza o un\u2019attivit\u00e0 di studio.<\/p><p class=\"wp-block-paragraph\">Completando tutte le attivit\u00e0 programmate uno studente completa uno specifico obiettivo formativo, il quale \u00e8 collegato ad uno o pi\u00f9 contenuti. Spesso l\u2019intero gruppo di contenuti all\u2019interno di un percorso \u00e8 strutturato in un libro del corso.<\/p><p class=\"wp-block-paragraph\">Un programma formativo \u00e8 un insieme di attivit\u00e0 formative organizzate in un libro, con l\u2019obiettivo di raggiungere uno o pi\u00f9 obiettivi formativi.<\/p><p class=\"wp-block-paragraph\"><b>Il ciclo vitale di un percorso formativo<\/b><\/p><p class=\"wp-block-paragraph\">In un contesto accademico, il ciclo vitale di un percorso formativo ha un inizio e una fine ben definiti, mentre all\u2019interno di un\u2019azienda il programma ha un ciclo ricorrente. Perch\u00e8? Perch\u00e8 in un\u2019azienda i parametri da valutare e migliorare sono gli stessi per tutto la \u201cvita lavorativa\u201d.<br>\n<img loading=\"lazy\" decoding=\"async\" class=\"alignnone size-medium wp-image-16604\" src=\"https:\/\/www.docebo.com\/tachyon\/2014\/08\/Schermata-2014-08-11-alle-15.07.27.png?resize=300%2C274&#038;crop_strategy=smart\" alt=\"curriculum lifecycle\" width=\"300\" height=\"274\" data-recalc-dims=\"1\"><\/p><p class=\"wp-block-paragraph\">L\u2019immagine mostra la complessit\u00e0 metodologica con la quale bisogna fare i conti durante la fase di progettazione del percorso (possibilit\u00e0 di riutilizzare i contenuti, relazione tra contenuto e obiettivi formativi, autonomia della singola attivit\u00e0 formativa e cos\u00ec via). Dunque \u00e8 evidente che uno strumento web deve saper coprire anche le necessit\u00e0 di tipo gestionale durante la progettazione del percorso formativo.<\/p><p class=\"wp-block-paragraph\"><b>Lista di requisiti di uno strumento web durante la creazione di un percorso formativo<\/b><\/p><ul class=\"wp-block-list\"><li>Supporto di tutti i tipi di approccio metodologico (dalla collaborazione allo studio individuale)<\/li><li>Un ottimo strumento di valutazione<\/li><li>Creazione e gestione dei percorsi formativi<\/li><li>Tracciamento delle attivit\u00e0 di training esterne<\/li><li>Gestione dei certificati<\/li><\/ul><p class=\"wp-block-paragraph\">Una piattaforma e-learning come Docebo ha tutte queste funzioni ed \u00e8 particolarmente efficace durante la fase di gestione dei percorsi formativi. Se volete dare un\u2019occhiata al modo in cui Docebo gestisce la progettazione dei percorsi formativi potete effettuare <a title=\"Docebo e-learning prova\" href=\"https:\/\/www.docebo.com\/saas\/index.php?r=site\/index&amp;lang=it\" target=\"_blank\">una prova gratuita di 14 giorni<\/a>.<\/p><p class=\"wp-block-paragraph\">\u00a0<\/p><\/div><\/article><\/div><\/div>\n","protected":false},"excerpt":{"rendered":"<p>Progettare un percorso formativo aziendale Grazie alla vasta adozione del concetto di \u201cUniversit\u00e0 aziendale\u201d, termini usati comunemente in ambiente scolastico come \u201cpercorso formativo\u201d sono ora utilizzati dagli esperti di Risorse Umane e dai trainer aziendali. Dovrebbe essere ovvio il motivo per cui una progettazione accurata del percorso formativo dei propri dipendenti \u00e8 fondamentale per il successo nel mercato moderno; questo elemento unito ad una buona strategia formativa che guidi i dipendenti nel processo di sviluppo sono elementi fondamentali per il successo del programma. Dovrebbe essere ovvio il motivo per cui una progettazione accurata del percorso formativo dei propri dipendenti \u00e8 fondamentale [&hellip;]<\/p>\n","protected":false},"author":15,"featured_media":0,"comment_status":"closed","ping_status":"open","sticky":false,"template":"","format":"standard","meta":{"alternate_url":"","alternate_url_open_new_tab":false,"_crdt_document":"","_trash_the_other_posts":false,"guest":[],"editor_notices":[],"footnotes":""},"categories":[126,1],"tags":[],"class_list":["post-1483","post","type-post","status-publish","format-standard","hentry","category-learning-culture-magazine","category-uncategorized"],"yoast_head":"<!-- This site is optimized with the Yoast SEO plugin v26.9 - https:\/\/yoast.com\/product\/yoast-seo-wordpress\/ -->\n<title>Creare e gestire un percorso formativo<\/title>\n<meta name=\"robots\" content=\"index, follow, max-snippet:-1, max-image-preview:large, max-video-preview:-1\" \/>\n<link rel=\"canonical\" href=\"https:\/\/www.docebo.com\/it\/learning-network\/blog\/creare-gestire-percorso-formativo\/\" \/>\n<meta property=\"og:locale\" content=\"it_IT\" \/>\n<meta property=\"og:type\" content=\"article\" \/>\n<meta property=\"og:title\" content=\"Creare e gestire un percorso formativo\" \/>\n<meta property=\"og:description\" content=\"Progettare un percorso formativo aziendale Grazie alla vasta adozione del concetto di \u201cUniversit\u00e0 aziendale\u201d, termini usati comunemente in ambiente scolastico come \u201cpercorso formativo\u201d sono ora utilizzati dagli esperti di Risorse Umane e dai trainer aziendali. Dovrebbe essere ovvio il motivo per cui una progettazione accurata del percorso formativo dei propri dipendenti \u00e8 fondamentale per il successo nel mercato moderno; questo elemento unito ad una buona strategia formativa che guidi i dipendenti nel processo di sviluppo sono elementi fondamentali per il successo del programma. Dovrebbe essere ovvio il motivo per cui una progettazione accurata del percorso formativo dei propri dipendenti \u00e8 fondamentale [&hellip;]\" \/>\n<meta property=\"og:url\" content=\"https:\/\/www.docebo.com\/it\/learning-network\/blog\/creare-gestire-percorso-formativo\/\" \/>\n<meta property=\"og:site_name\" content=\"Docebo\" \/>\n<meta property=\"article:publisher\" content=\"https:\/\/www.facebook.com\/Docebo\/\" \/>\n<meta property=\"article:published_time\" content=\"2014-08-11T15:57:46+00:00\" \/>\n<meta property=\"article:modified_time\" content=\"2026-01-09T20:58:52+00:00\" \/>\n<meta property=\"og:image\" content=\"https:\/\/www.docebo.com\/uploads\/2014\/08\/Vale2-300x225.jpg\" \/>\n<meta name=\"author\" content=\"Maria Rosales Gerpe\" \/>\n<meta name=\"twitter:card\" content=\"summary_large_image\" \/>\n<meta name=\"twitter:label1\" content=\"Written by\" \/>\n\t<meta name=\"twitter:data1\" content=\"Maria Rosales Gerpe\" \/>\n\t<meta name=\"twitter:label2\" content=\"Est. reading time\" \/>\n\t<meta name=\"twitter:data2\" content=\"3 minuti\" \/>\n<script type=\"application\/ld+json\" class=\"yoast-schema-graph\">{\"@context\":\"https:\/\/schema.org\",\"@graph\":[{\"@type\":\"Article\",\"@id\":\"https:\/\/www.docebo.com\/it\/learning-network\/blog\/creare-gestire-percorso-formativo\/#article\",\"isPartOf\":{\"@id\":\"https:\/\/www.docebo.com\/it\/learning-network\/blog\/creare-gestire-percorso-formativo\/\"},\"author\":{\"name\":\"Maria Rosales Gerpe\",\"@id\":\"https:\/\/www.docebo.com\/it\/#\/schema\/person\/976239e44d94e488ec67e65bf9dfc96e\"},\"headline\":\"Creare e gestire un percorso formativo\",\"datePublished\":\"2014-08-11T15:57:46+00:00\",\"dateModified\":\"2026-01-09T20:58:52+00:00\",\"mainEntityOfPage\":{\"@id\":\"https:\/\/www.docebo.com\/it\/learning-network\/blog\/creare-gestire-percorso-formativo\/\"},\"wordCount\":631,\"publisher\":{\"@id\":\"https:\/\/www.docebo.com\/it\/#organization\"},\"image\":{\"@id\":\"https:\/\/www.docebo.com\/it\/learning-network\/blog\/creare-gestire-percorso-formativo\/#primaryimage\"},\"thumbnailUrl\":\"https:\/\/www.docebo.com\/uploads\/2014\/08\/Vale2-300x225.jpg\",\"articleSection\":[\"Learning Culture Magazine\",\"Uncategorized\"],\"inLanguage\":\"it-IT\"},{\"@type\":\"WebPage\",\"@id\":\"https:\/\/www.docebo.com\/it\/learning-network\/blog\/creare-gestire-percorso-formativo\/\",\"url\":\"https:\/\/www.docebo.com\/it\/learning-network\/blog\/creare-gestire-percorso-formativo\/\",\"name\":\"Creare e gestire un percorso formativo\",\"isPartOf\":{\"@id\":\"https:\/\/www.docebo.com\/it\/#website\"},\"primaryImageOfPage\":{\"@id\":\"https:\/\/www.docebo.com\/it\/learning-network\/blog\/creare-gestire-percorso-formativo\/#primaryimage\"},\"image\":{\"@id\":\"https:\/\/www.docebo.com\/it\/learning-network\/blog\/creare-gestire-percorso-formativo\/#primaryimage\"},\"thumbnailUrl\":\"https:\/\/www.docebo.com\/uploads\/2014\/08\/Vale2-300x225.jpg\",\"datePublished\":\"2014-08-11T15:57:46+00:00\",\"dateModified\":\"2026-01-09T20:58:52+00:00\",\"breadcrumb\":{\"@id\":\"https:\/\/www.docebo.com\/it\/learning-network\/blog\/creare-gestire-percorso-formativo\/#breadcrumb\"},\"inLanguage\":\"it-IT\",\"potentialAction\":[{\"@type\":\"ReadAction\",\"target\":[\"https:\/\/www.docebo.com\/it\/learning-network\/blog\/creare-gestire-percorso-formativo\/\"]}]},{\"@type\":\"ImageObject\",\"inLanguage\":\"it-IT\",\"@id\":\"https:\/\/www.docebo.com\/it\/learning-network\/blog\/creare-gestire-percorso-formativo\/#primaryimage\",\"url\":\"https:\/\/www.docebo.com\/uploads\/2014\/08\/Vale2-300x225.jpg\",\"contentUrl\":\"https:\/\/www.docebo.com\/uploads\/2014\/08\/Vale2-300x225.jpg\"},{\"@type\":\"BreadcrumbList\",\"@id\":\"https:\/\/www.docebo.com\/it\/learning-network\/blog\/creare-gestire-percorso-formativo\/#breadcrumb\",\"itemListElement\":[{\"@type\":\"ListItem\",\"position\":1,\"name\":\"Home\",\"item\":\"https:\/\/www.docebo.com\/it\/\"},{\"@type\":\"ListItem\",\"position\":2,\"name\":\"Creare e gestire un percorso formativo\"}]},{\"@type\":\"WebSite\",\"@id\":\"https:\/\/www.docebo.com\/it\/#website\",\"url\":\"https:\/\/www.docebo.com\/it\/\",\"name\":\"Docebo\",\"description\":\"\",\"publisher\":{\"@id\":\"https:\/\/www.docebo.com\/it\/#organization\"},\"potentialAction\":[{\"@type\":\"SearchAction\",\"target\":{\"@type\":\"EntryPoint\",\"urlTemplate\":\"https:\/\/www.docebo.com\/it\/?s={search_term_string}\"},\"query-input\":{\"@type\":\"PropertyValueSpecification\",\"valueRequired\":true,\"valueName\":\"search_term_string\"}}],\"inLanguage\":\"it-IT\"},{\"@type\":\"Organization\",\"@id\":\"https:\/\/www.docebo.com\/it\/#organization\",\"name\":\"Docebo\",\"url\":\"https:\/\/www.docebo.com\/it\/\",\"logo\":{\"@type\":\"ImageObject\",\"inLanguage\":\"it-IT\",\"@id\":\"https:\/\/www.docebo.com\/it\/#\/schema\/logo\/image\/\",\"url\":\"https:\/\/www.docebo.com\/uploads\/sites\/2\/2025\/11\/logo-blue.svg\",\"contentUrl\":\"https:\/\/www.docebo.com\/uploads\/sites\/2\/2025\/11\/logo-blue.svg\",\"width\":392,\"height\":80,\"caption\":\"Docebo\"},\"image\":{\"@id\":\"https:\/\/www.docebo.com\/it\/#\/schema\/logo\/image\/\"},\"sameAs\":[\"https:\/\/www.facebook.com\/Docebo\/\",\"https:\/\/www.youtube.com\/@DoceboLMS\",\"https:\/\/www.linkedin.com\/company\/docebo\/\"]},{\"@type\":\"Person\",\"@id\":\"https:\/\/www.docebo.com\/it\/#\/schema\/person\/976239e44d94e488ec67e65bf9dfc96e\",\"name\":\"Maria Rosales Gerpe\",\"image\":{\"@type\":\"ImageObject\",\"inLanguage\":\"it-IT\",\"@id\":\"https:\/\/www.docebo.com\/it\/#\/schema\/person\/image\/\",\"url\":\"https:\/\/secure.gravatar.com\/avatar\/02caadf47dcaf857dfeeea26321a27c4db2c34ec56d836e5582bee825633f02f?s=96&d=mm&r=g\",\"contentUrl\":\"https:\/\/secure.gravatar.com\/avatar\/02caadf47dcaf857dfeeea26321a27c4db2c34ec56d836e5582bee825633f02f?s=96&d=mm&r=g\",\"caption\":\"Maria Rosales Gerpe\"},\"url\":\"https:\/\/www.docebo.com\/it\/learning-network\/blog\/author\/maria\/\"}]}<\/script>\n<!-- \/ Yoast SEO plugin. -->","yoast_head_json":{"title":"Creare e gestire un percorso formativo","robots":{"index":"index","follow":"follow","max-snippet":"max-snippet:-1","max-image-preview":"max-image-preview:large","max-video-preview":"max-video-preview:-1"},"canonical":"https:\/\/www.docebo.com\/it\/learning-network\/blog\/creare-gestire-percorso-formativo\/","og_locale":"it_IT","og_type":"article","og_title":"Creare e gestire un percorso formativo","og_description":"Progettare un percorso formativo aziendale Grazie alla vasta adozione del concetto di \u201cUniversit\u00e0 aziendale\u201d, termini usati comunemente in ambiente scolastico come \u201cpercorso formativo\u201d sono ora utilizzati dagli esperti di Risorse Umane e dai trainer aziendali. Dovrebbe essere ovvio il motivo per cui una progettazione accurata del percorso formativo dei propri dipendenti \u00e8 fondamentale per il successo nel mercato moderno; questo elemento unito ad una buona strategia formativa che guidi i dipendenti nel processo di sviluppo sono elementi fondamentali per il successo del programma. Dovrebbe essere ovvio il motivo per cui una progettazione accurata del percorso formativo dei propri dipendenti \u00e8 fondamentale [&hellip;]","og_url":"https:\/\/www.docebo.com\/it\/learning-network\/blog\/creare-gestire-percorso-formativo\/","og_site_name":"Docebo","article_publisher":"https:\/\/www.facebook.com\/Docebo\/","article_published_time":"2014-08-11T15:57:46+00:00","article_modified_time":"2026-01-09T20:58:52+00:00","og_image":[{"url":"https:\/\/www.docebo.com\/uploads\/2014\/08\/Vale2-300x225.jpg","type":"","width":"","height":""}],"author":"Maria Rosales Gerpe","twitter_card":"summary_large_image","twitter_misc":{"Written by":"Maria Rosales Gerpe","Est. reading time":"3 minuti"},"schema":{"@context":"https:\/\/schema.org","@graph":[{"@type":"Article","@id":"https:\/\/www.docebo.com\/it\/learning-network\/blog\/creare-gestire-percorso-formativo\/#article","isPartOf":{"@id":"https:\/\/www.docebo.com\/it\/learning-network\/blog\/creare-gestire-percorso-formativo\/"},"author":{"name":"Maria Rosales Gerpe","@id":"https:\/\/www.docebo.com\/it\/#\/schema\/person\/976239e44d94e488ec67e65bf9dfc96e"},"headline":"Creare e gestire un percorso formativo","datePublished":"2014-08-11T15:57:46+00:00","dateModified":"2026-01-09T20:58:52+00:00","mainEntityOfPage":{"@id":"https:\/\/www.docebo.com\/it\/learning-network\/blog\/creare-gestire-percorso-formativo\/"},"wordCount":631,"publisher":{"@id":"https:\/\/www.docebo.com\/it\/#organization"},"image":{"@id":"https:\/\/www.docebo.com\/it\/learning-network\/blog\/creare-gestire-percorso-formativo\/#primaryimage"},"thumbnailUrl":"https:\/\/www.docebo.com\/uploads\/2014\/08\/Vale2-300x225.jpg","articleSection":["Learning Culture Magazine","Uncategorized"],"inLanguage":"it-IT"},{"@type":"WebPage","@id":"https:\/\/www.docebo.com\/it\/learning-network\/blog\/creare-gestire-percorso-formativo\/","url":"https:\/\/www.docebo.com\/it\/learning-network\/blog\/creare-gestire-percorso-formativo\/","name":"Creare e gestire un percorso formativo","isPartOf":{"@id":"https:\/\/www.docebo.com\/it\/#website"},"primaryImageOfPage":{"@id":"https:\/\/www.docebo.com\/it\/learning-network\/blog\/creare-gestire-percorso-formativo\/#primaryimage"},"image":{"@id":"https:\/\/www.docebo.com\/it\/learning-network\/blog\/creare-gestire-percorso-formativo\/#primaryimage"},"thumbnailUrl":"https:\/\/www.docebo.com\/uploads\/2014\/08\/Vale2-300x225.jpg","datePublished":"2014-08-11T15:57:46+00:00","dateModified":"2026-01-09T20:58:52+00:00","breadcrumb":{"@id":"https:\/\/www.docebo.com\/it\/learning-network\/blog\/creare-gestire-percorso-formativo\/#breadcrumb"},"inLanguage":"it-IT","potentialAction":[{"@type":"ReadAction","target":["https:\/\/www.docebo.com\/it\/learning-network\/blog\/creare-gestire-percorso-formativo\/"]}]},{"@type":"ImageObject","inLanguage":"it-IT","@id":"https:\/\/www.docebo.com\/it\/learning-network\/blog\/creare-gestire-percorso-formativo\/#primaryimage","url":"https:\/\/www.docebo.com\/uploads\/2014\/08\/Vale2-300x225.jpg","contentUrl":"https:\/\/www.docebo.com\/uploads\/2014\/08\/Vale2-300x225.jpg"},{"@type":"BreadcrumbList","@id":"https:\/\/www.docebo.com\/it\/learning-network\/blog\/creare-gestire-percorso-formativo\/#breadcrumb","itemListElement":[{"@type":"ListItem","position":1,"name":"Home","item":"https:\/\/www.docebo.com\/it\/"},{"@type":"ListItem","position":2,"name":"Creare e gestire un percorso formativo"}]},{"@type":"WebSite","@id":"https:\/\/www.docebo.com\/it\/#website","url":"https:\/\/www.docebo.com\/it\/","name":"Docebo","description":"","publisher":{"@id":"https:\/\/www.docebo.com\/it\/#organization"},"potentialAction":[{"@type":"SearchAction","target":{"@type":"EntryPoint","urlTemplate":"https:\/\/www.docebo.com\/it\/?s={search_term_string}"},"query-input":{"@type":"PropertyValueSpecification","valueRequired":true,"valueName":"search_term_string"}}],"inLanguage":"it-IT"},{"@type":"Organization","@id":"https:\/\/www.docebo.com\/it\/#organization","name":"Docebo","url":"https:\/\/www.docebo.com\/it\/","logo":{"@type":"ImageObject","inLanguage":"it-IT","@id":"https:\/\/www.docebo.com\/it\/#\/schema\/logo\/image\/","url":"https:\/\/www.docebo.com\/uploads\/sites\/2\/2025\/11\/logo-blue.svg","contentUrl":"https:\/\/www.docebo.com\/uploads\/sites\/2\/2025\/11\/logo-blue.svg","width":392,"height":80,"caption":"Docebo"},"image":{"@id":"https:\/\/www.docebo.com\/it\/#\/schema\/logo\/image\/"},"sameAs":["https:\/\/www.facebook.com\/Docebo\/","https:\/\/www.youtube.com\/@DoceboLMS","https:\/\/www.linkedin.com\/company\/docebo\/"]},{"@type":"Person","@id":"https:\/\/www.docebo.com\/it\/#\/schema\/person\/976239e44d94e488ec67e65bf9dfc96e","name":"Maria Rosales Gerpe","image":{"@type":"ImageObject","inLanguage":"it-IT","@id":"https:\/\/www.docebo.com\/it\/#\/schema\/person\/image\/","url":"https:\/\/secure.gravatar.com\/avatar\/02caadf47dcaf857dfeeea26321a27c4db2c34ec56d836e5582bee825633f02f?s=96&d=mm&r=g","contentUrl":"https:\/\/secure.gravatar.com\/avatar\/02caadf47dcaf857dfeeea26321a27c4db2c34ec56d836e5582bee825633f02f?s=96&d=mm&r=g","caption":"Maria Rosales Gerpe"},"url":"https:\/\/www.docebo.com\/it\/learning-network\/blog\/author\/maria\/"}]}},"_links":{"self":[{"href":"https:\/\/www.docebo.com\/it\/wp-json\/wp\/v2\/posts\/1483","targetHints":{"allow":["GET"]}}],"collection":[{"href":"https:\/\/www.docebo.com\/it\/wp-json\/wp\/v2\/posts"}],"about":[{"href":"https:\/\/www.docebo.com\/it\/wp-json\/wp\/v2\/types\/post"}],"author":[{"embeddable":true,"href":"https:\/\/www.docebo.com\/it\/wp-json\/wp\/v2\/users\/15"}],"replies":[{"embeddable":true,"href":"https:\/\/www.docebo.com\/it\/wp-json\/wp\/v2\/comments?post=1483"}],"version-history":[{"count":4,"href":"https:\/\/www.docebo.com\/it\/wp-json\/wp\/v2\/posts\/1483\/revisions"}],"predecessor-version":[{"id":3809,"href":"https:\/\/www.docebo.com\/it\/wp-json\/wp\/v2\/posts\/1483\/revisions\/3809"}],"wp:attachment":[{"href":"https:\/\/www.docebo.com\/it\/wp-json\/wp\/v2\/media?parent=1483"}],"wp:term":[{"taxonomy":"category","embeddable":true,"href":"https:\/\/www.docebo.com\/it\/wp-json\/wp\/v2\/categories?post=1483"},{"taxonomy":"post_tag","embeddable":true,"href":"https:\/\/www.docebo.com\/it\/wp-json\/wp\/v2\/tags?post=1483"}],"curies":[{"name":"wp","href":"https:\/\/api.w.org\/{rel}","templated":true}]}}